{"id":731,"__str__":"Jos\u00e9 Avan\u00e7o (Zezinho Avan\u00e7o) (2\u00ba orador)","link_detail_backend":"/sessao/orador/731","metadata":{},"numero_ordem":2,"url_discurso":"","observacao":"","upload_anexo":null,"sessao_plenaria":474,"parlamentar":215}