{"id":40612,"__str__":"Mo\u00e7\u00e3o n\u00ba 95 de 2025","link_detail_backend":"/materia/40612","metadata":{},"numero":95,"ano":2025,"numero_protocolo":3240,"data_apresentacao":"2025-11-11","tipo_apresentacao":"","data_publicacao":null,"numero_origem_externa":"","ano_origem_externa":null,"data_origem_externa":null,"apelido":"","dias_prazo":null,"data_fim_prazo":null,"em_tramitacao":false,"polemica":false,"objeto":"","complementar":false,"ementa":"CONGRATULA\u00c7\u00d5ES AO B\u00c1B\u00c1LO\u00d3RIS\u00c1 REGENTE DA FRATERNIDADE UMBANDISTA JO\u00c3O BAIANO DAS ALMAS BIRIGUI-SP E COORDENADOR FISCAL REGIONAL PELO SOL-SUPERIOR \u00d3RG\u00c3O INTERNACIONAL DE UMBANDA E DOS CULTOS AFROS PELOS TRABALHOS PRESTADOS A \u201cUMBANDA\u201d E AO \u201cDIA DA UMBANDA\u201d.","indexacao":"","observacao":"","resultado":"","texto_original":"http://sapl.birigui.sp.leg.br/media/sapl/public/materialegislativa/2025/40612/3240-2025.pdf","data_ultima_atualizacao":"2025-12-02T11:33:33.500132-03:00","ip":"186.0.146.63","ultima_edicao":"2025-11-11T15:15:39.898256-03:00","tipo":9,"regime_tramitacao":1,"tipo_origem_externa":null,"local_origem_externa":null,"user":96,"anexadas":[],"autores":[147]}