{"id":39395,"__str__":"Projeto de Lei Complementar n\u00ba 2 de 2025","link_detail_backend":"/materia/39395","metadata":{},"numero":2,"ano":2025,"numero_protocolo":752,"data_apresentacao":"2025-03-10","tipo_apresentacao":"","data_publicacao":null,"numero_origem_externa":"","ano_origem_externa":null,"data_origem_externa":null,"apelido":"","dias_prazo":null,"data_fim_prazo":null,"em_tramitacao":false,"polemica":false,"objeto":"","complementar":false,"ementa":"DISP\u00d5E SOBRE A EXTIN\u00c7\u00c3O DOS CARGOS VAGOS DE PROFESSOR II E A CRIA\u00c7\u00c3O DE QUINZE CARGOS P\u00daBLICOS DE PROFESSOR DE EDUCA\u00c7\u00c3O F\u00cdSICA NO QUADRO DE PESSOAL REGIDO PELA LEI COMPLEMENTAR N\u00ba 32, DE 17 DE SETEMBRO DE 2010","indexacao":"","observacao":"","resultado":"","texto_original":"http://sapl.birigui.sp.leg.br/media/sapl/public/materialegislativa/2025/39395/752-2025.pdf","data_ultima_atualizacao":"2025-04-16T10:17:32.406575-03:00","ip":"186.0.146.63","ultima_edicao":"2025-03-10T15:33:13.464270-03:00","tipo":5,"regime_tramitacao":1,"tipo_origem_externa":null,"local_origem_externa":null,"user":96,"anexadas":[39471,39488,39518,39522],"autores":[12]}