{"id":3098,"__str__":"Projeto de Lei Ordin\u00e1ria n\u00ba 132 de 2011","link_detail_backend":"/materia/3098","metadata":{},"numero":132,"ano":2011,"numero_protocolo":null,"data_apresentacao":"2011-10-18","tipo_apresentacao":"E","data_publicacao":null,"numero_origem_externa":"","ano_origem_externa":null,"data_origem_externa":null,"apelido":"","dias_prazo":null,"data_fim_prazo":null,"em_tramitacao":false,"polemica":null,"objeto":"","complementar":null,"ementa":"INCLUI NO CALEND\u00c1RIO OFICIAL DE EVENTOS DO MUNIC\u00cdPIO A \"SEMANA MUNICIPAL DE CONSCIENTIZA\u00c7\u00c3O SOBRE A DOEN\u00c7A DE ALZHEIMER, E D\u00c1 OUTRAS PROVID\u00caNCIAS\".","indexacao":"","observacao":"","resultado":"","texto_original":"http://sapl.birigui.sp.leg.br/media/sapl/public/materialegislativa/2011/3098/3098_texto_integral.pdf","data_ultima_atualizacao":"2018-07-09T19:31:44.713722-03:00","ip":"","ultima_edicao":null,"tipo":1,"regime_tramitacao":1,"tipo_origem_externa":null,"local_origem_externa":null,"user":null,"anexadas":[3464,3345,3392],"autores":[19]}