{"id":25331,"__str__":"Projeto de Lei Ordin\u00e1ria n\u00ba 80 de 2018","link_detail_backend":"/materia/25331","metadata":{},"numero":80,"ano":2018,"numero_protocolo":1450,"data_apresentacao":"2018-05-23","tipo_apresentacao":"E","data_publicacao":null,"numero_origem_externa":"","ano_origem_externa":null,"data_origem_externa":null,"apelido":"","dias_prazo":null,"data_fim_prazo":null,"em_tramitacao":false,"polemica":false,"objeto":"","complementar":false,"ementa":"DECLARA FERIADO MUNICIPAL O DIA DA CONSCI\u00caNCIA NEGRA, NO MUNIC\u00cdPIO DE BIRIGUI E D\u00c1 OUTRAS PROVID\u00caNCIAS","indexacao":"","observacao":"","resultado":"","texto_original":"http://sapl.birigui.sp.leg.br/media/sapl/public/materialegislativa/2018/25331/25331_texto_integral.pdf","data_ultima_atualizacao":"2019-02-13T16:12:24.506958-02:00","ip":"","ultima_edicao":null,"tipo":1,"regime_tramitacao":1,"tipo_origem_externa":null,"local_origem_externa":null,"user":null,"anexadas":[26606,25365,25476,25539,25540],"autores":[4]}